{"id":1196,"__str__":"Indica\u00e7\u00e3o n\u00ba 218 de 2021","link_detail_backend":"/materia/1196","metadata":{},"numero":218,"ano":2021,"numero_protocolo":null,"data_apresentacao":"2021-06-11","tipo_apresentacao":"E","data_publicacao":null,"numero_origem_externa":"","ano_origem_externa":null,"data_origem_externa":null,"apelido":"","dias_prazo":null,"data_fim_prazo":null,"em_tramitacao":false,"polemica":false,"objeto":"","complementar":false,"ementa":"Indico ao Senhor Prefeito Municipal que seja colocado ilumina\u00e7\u00e3o com refletores  nas cores de cada campanha de mobiliza\u00e7\u00e3o de acordo com seu m\u00eas de refer\u00eancia no Monte do Galo - Carna\u00faba dos Dantas/RN.","indexacao":"","observacao":"","resultado":"","texto_original":"http://sapl.carnaubadosdantas.rn.leg.br/media/sapl/public/materialegislativa/2021/1196/indicacao_218-2021_iluminacao_monte_refletores_-_due.pdf","data_ultima_atualizacao":"2021-06-17T09:15:12.212051-03:00","ip":"45.228.103.17","ultima_edicao":"2021-06-17T09:14:15.676331-03:00","tipo":5,"regime_tramitacao":3,"tipo_origem_externa":null,"local_origem_externa":null,"user":2,"anexadas":[],"autores":[3]}