{"id":2152,"__str__":"Requerimento n\u00ba 32 de 2022","link_detail_backend":"/materia/2152","metadata":{},"numero":32,"ano":2022,"numero_protocolo":null,"data_apresentacao":"2022-05-06","tipo_apresentacao":"E","data_publicacao":null,"numero_origem_externa":"","ano_origem_externa":null,"data_origem_externa":null,"apelido":"","dias_prazo":null,"data_fim_prazo":null,"em_tramitacao":false,"polemica":false,"objeto":"","complementar":false,"ementa":"REQUERER depois de ouvido o Plen\u00e1rio, que seja encaminhada c\u00f3pia deste ao a Ilm\u00aa. Sr\u00aa. Monaylla F\u00e1dylla da Silva Ara\u00fajo Dantas \u2013 Secret\u00e1ria Municipal de Sa\u00fade, solicitando encaminhar as seguintes informa\u00e7\u00f5es sobre DEPRESS\u00c3O  a esta Casa de Leis:","indexacao":"","observacao":"","resultado":"","texto_original":"http://sapl.carnaubadosdantas.rn.leg.br/media/sapl/public/materialegislativa/2022/2152/requerimento_032-22_informacoes_sobre_depressao_-_barbara.pdf","data_ultima_atualizacao":"2022-05-10T08:29:57.617762-03:00","ip":"45.228.103.12","ultima_edicao":"2022-05-10T08:28:44.523756-03:00","tipo":4,"regime_tramitacao":3,"tipo_origem_externa":null,"local_origem_externa":null,"user":13,"anexadas":[],"autores":[1]}