{"id":2465,"__str__":"Parecer das Comiss\u00f5es Permanentes n\u00ba 44 de 2022","link_detail_backend":"/materia/2465","metadata":{},"numero":44,"ano":2022,"numero_protocolo":null,"data_apresentacao":"2022-11-16","tipo_apresentacao":"E","data_publicacao":null,"numero_origem_externa":"","ano_origem_externa":null,"data_origem_externa":null,"apelido":"","dias_prazo":null,"data_fim_prazo":null,"em_tramitacao":true,"polemica":false,"objeto":"","complementar":false,"ementa":"O presente parecer tem por objeto o PROJETO DE LEI N\u00ba 059/2022, de autoria do Vereador Marcelo De Medeiros Dantas que \u201cInstitui no calend\u00e1rio oficial do munic\u00edpio o dia 16 de Setembro como o Dia Municipal do Caminhoneiro e d\u00e1 outras provid\u00eancias\u201d.","indexacao":"","observacao":"","resultado":"","texto_original":"http://sapl.carnaubadosdantas.rn.leg.br/media/sapl/public/materialegislativa/2022/2465/parecer_44_-_projeto_de_marcelo_-_dia_do_caminhoneiro.pdf","data_ultima_atualizacao":"2025-10-09T10:34:03.292076-03:00","ip":"45.228.103.12","ultima_edicao":"2022-11-18T10:40:31.238420-03:00","tipo":10,"regime_tramitacao":4,"tipo_origem_externa":null,"local_origem_externa":null,"user":13,"anexadas":[],"autores":[10]}