{"id":2734,"__str__":"Requerimento n\u00ba 24 de 2023","link_detail_backend":"/materia/2734","metadata":{},"numero":24,"ano":2023,"numero_protocolo":null,"data_apresentacao":"2023-04-14","tipo_apresentacao":"E","data_publicacao":null,"numero_origem_externa":"","ano_origem_externa":null,"data_origem_externa":null,"apelido":"","dias_prazo":null,"data_fim_prazo":null,"em_tramitacao":false,"polemica":false,"objeto":"","complementar":false,"ementa":"REQUERER depois de ouvido o Plen\u00e1rio, que seja encaminhado c\u00f3pia deste ao Exm\u00ba Sr. Jo\u00e3o da Silva Maia \u2013 Deputado Federal, solicitando que seja designado uma Emenda Parlamentar para o munic\u00edpio de Carna\u00faba dos Dantas/RN, destinado a pavimenta\u00e7\u00e3o de ruas de Carna\u00faba dos Dantas/RN","indexacao":"","observacao":"","resultado":"","texto_original":"http://sapl.carnaubadosdantas.rn.leg.br/media/sapl/public/materialegislativa/2023/2734/requerimento_024-23_emenda_pavimenta_joao_maia_-_gilvan.pdf","data_ultima_atualizacao":"2023-04-17T12:45:20.331215-03:00","ip":"177.107.97.176","ultima_edicao":"2023-04-17T12:44:25.137649-03:00","tipo":4,"regime_tramitacao":3,"tipo_origem_externa":null,"local_origem_externa":null,"user":13,"anexadas":[],"autores":[5]}