{"id":2872,"__str__":"Projeto de Lei Ordin\u00e1ria n\u00ba 22 de 2023","link_detail_backend":"/materia/2872","metadata":{},"numero":22,"ano":2023,"numero_protocolo":null,"data_apresentacao":"2023-05-19","tipo_apresentacao":"E","data_publicacao":null,"numero_origem_externa":"","ano_origem_externa":null,"data_origem_externa":null,"apelido":"","dias_prazo":null,"data_fim_prazo":null,"em_tramitacao":true,"polemica":false,"objeto":"","complementar":false,"ementa":"CRIA A CAMPANHA PERMANENTE DE CONSCIENTIZA\u00c7\u00c3O E PREVEN\u00c7\u00c3O DA DEPRESS\u00c3O NA INF\u00c2NCIA E NA ADOLESC\u00caNCIA NO MUNIC\u00cdPIO DE CARNA\u00daBA DOS DANTAS","indexacao":"","observacao":"","resultado":"","texto_original":null,"data_ultima_atualizacao":"2025-10-09T10:33:51.930696-03:00","ip":"177.107.97.176","ultima_edicao":"2023-05-23T10:25:08.440792-03:00","tipo":1,"regime_tramitacao":2,"tipo_origem_externa":null,"local_origem_externa":null,"user":13,"anexadas":[2983],"autores":[9]}