{"id":4323,"__str__":"Projeto de Lei Ordin\u00e1ria n\u00ba 18 de 2025","link_detail_backend":"/materia/4323","metadata":{},"numero":18,"ano":2025,"numero_protocolo":null,"data_apresentacao":"2025-04-07","tipo_apresentacao":"E","data_publicacao":null,"numero_origem_externa":"","ano_origem_externa":null,"data_origem_externa":null,"apelido":"","dias_prazo":null,"data_fim_prazo":null,"em_tramitacao":false,"polemica":false,"objeto":"","complementar":false,"ementa":"Institui o m\u00eas de Abril Laranja como o m\u00eas dedicado \u00e0 conscientiza\u00e7\u00e3o e preven\u00e7\u00e3o da crueldade contra os animais no \u00e2mbito do munic\u00edpio de Carna\u00faba dos Dantas/RN.","indexacao":"","observacao":"","resultado":"","texto_original":"http://sapl.carnaubadosdantas.rn.leg.br/media/sapl/public/materialegislativa/2025/4323/plo_01825_-_abril_laranja_-_barbara.docx","data_ultima_atualizacao":"2025-05-06T09:13:20.336125-03:00","ip":"177.73.200.82","ultima_edicao":"2025-04-08T08:49:32.584210-03:00","tipo":1,"regime_tramitacao":3,"tipo_origem_externa":null,"local_origem_externa":null,"user":2,"anexadas":[4349],"autores":[1]}