{"id":4380,"__str__":"Indica\u00e7\u00e3o n\u00ba 99 de 2025","link_detail_backend":"/materia/4380","metadata":{},"numero":99,"ano":2025,"numero_protocolo":null,"data_apresentacao":"2025-04-28","tipo_apresentacao":"E","data_publicacao":null,"numero_origem_externa":"","ano_origem_externa":null,"data_origem_externa":null,"apelido":"","dias_prazo":null,"data_fim_prazo":null,"em_tramitacao":false,"polemica":false,"objeto":"","complementar":false,"ementa":"Indica que seja finalizada a constru\u00e7\u00e3o da parede de prote\u00e7\u00e3o no interior da Pra\u00e7a do Alto do Vaqueiro, tendo em vista que a inconclus\u00e3o da mesma representa risco aos moradores e frequentadores do espa\u00e7o p\u00fablico.","indexacao":"Constru\u00e7\u00e3o de parede, Alto do vaqueiro","observacao":"","resultado":"","texto_original":"http://sapl.carnaubadosdantas.rn.leg.br/media/sapl/public/materialegislativa/2025/4380/indicacao_099-2025__parede_protecao_alto_vaqueiro_-_jemmifran_e_barbara.docx","data_ultima_atualizacao":"2025-05-05T10:44:39.595522-03:00","ip":"177.73.201.194","ultima_edicao":"2025-04-30T11:54:39.689075-03:00","tipo":5,"regime_tramitacao":3,"tipo_origem_externa":null,"local_origem_externa":null,"user":2,"anexadas":[],"autores":[1,41]}