{"id":4734,"__str__":"Projeto de Lei Ordin\u00e1ria n\u00ba 35 de 2025","link_detail_backend":"/materia/4734","metadata":{},"numero":35,"ano":2025,"numero_protocolo":null,"data_apresentacao":"2025-08-18","tipo_apresentacao":"E","data_publicacao":null,"numero_origem_externa":"","ano_origem_externa":null,"data_origem_externa":null,"apelido":"","dias_prazo":null,"data_fim_prazo":null,"em_tramitacao":false,"polemica":false,"objeto":"","complementar":false,"ementa":"\"DISP\u00d5E SOBRE A DENOMINA\u00c7\u00c3O DA RUA FRANCISCO DE ASSIS \u2018CURTINHO\u2019, NO POVOADO ERMO, E D\u00c1 OUTRAS PROVID\u00caNCIAS.\"","indexacao":"","observacao":"","resultado":"","texto_original":"http://sapl.carnaubadosdantas.rn.leg.br/media/sapl/public/materialegislativa/2025/4734/plo_035-2025_-_denominacao_rua_francisco_de_assis_curtinho_-_todos_os_edis.docx","data_ultima_atualizacao":"2025-09-16T11:36:28.947135-03:00","ip":"189.90.221.33","ultima_edicao":"2025-08-19T10:15:34.021607-03:00","tipo":1,"regime_tramitacao":3,"tipo_origem_externa":null,"local_origem_externa":null,"user":2,"anexadas":[4763],"autores":[1,42,41,5,6,43,23,30,8]}