{"id":5,"__str__":"OF N\u00ba 005/2024 - Of\u00edcio","link_detail_backend":"/docadm/5","metadata":{"signs":{"texto_integral":{"admin":[],"autores":[["Frederiko Stenio Luis Neves de Araujo",["2024-08-22T13:42:08-03:00","Tribunal Regional Eleitoral do RN"]]]}}},"numero":5,"complemento":"","ano":2024,"data":"2024-08-23","interessado":"","dias_prazo":null,"data_fim_prazo":null,"tramitacao":false,"assunto":"Of\u00edcio n.\u00ba 025/2024 \u2013 CC, TRIBUNAL REGIONAL ELEITORAL DO RIO GRANDE DO NORTE\r\n22\u00aa ZONA ELEITORAL\r\nACARI, CARNA\u00daBA DOS DANTAS, CRUZETA E S\u00c3O JOS\u00c9 DO SERID\u00d3","numero_externo":null,"observacao":"","texto_integral":"http://sapl.carnaubadosdantas.rn.leg.br/media/sapl/private/documentoadministrativo/5/oficio_025-2024-cc-_reserva_local_para_capacitacao_de_mesarios-_carnauba_dos_dantas.pdf","restrito":false,"ip":"177.107.97.176","ultima_edicao":"2024-08-23T08:45:19.268464-03:00","tipo":1,"protocolo":null,"autor":null,"user":2,"anexados":[],"materiasvinculadas":[]}